{"id":5054,"date":"2021-05-09T00:00:00","date_gmt":"2021-05-09T00:00:00","guid":{"rendered":"https:\/\/iaasa.ie\/iarratas-ar-aitheantas-institiuid-chuntasoiri-cairte-na-halban-icas-a-chulghairm\/"},"modified":"2021-05-09T00:00:00","modified_gmt":"2021-05-09T00:00:00","slug":"iarratas-ar-aitheantas-institiuid-chuntasoiri-cairte-na-halban-icas-a-chulghairm","status":"publish","type":"post","link":"https:\/\/iaasa.ie\/ga\/iarratas-ar-aitheantas-institiuid-chuntasoiri-cairte-na-halban-icas-a-chulghairm\/","title":{"rendered":"Iarratas ar aitheantas Institi\u00faid Chuntas\u00f3ir\u00ed Cairte na hAlban (&#8216;ICAS&#8217;) a ch\u00falghairm"},"content":{"rendered":"<div readability=\"37.012987012987\">\n<p>\n<em>T\u00e1 iarratas d\u00e9anta ag Institi\u00faid Chuntas\u00f3ir\u00ed Cairte na hAlban (&#8216;ICAS&#8217;) chuig an IAASA chun a haitheantas a ch\u00falghairm i m\u00ed na Nollag 2021. T\u00e1 aighneachta\u00ed \u00e1 lorg ag an IAASA anois \u00f3 ph\u00e1irtithe leasmhara faoin 30 Samhain 2021. D\u00e1 nd\u00e9anfa\u00ed aitheantas ICAS a ch\u00falghairm, chiall\u00f3dh s\u00e9 nach mbeadh ICAS in ann ini\u00fach\u00f3ir\u00ed reacht\u00fala in \u00c9irinn a chead\u00fa a thuilleadh. Cialla\u00edonn s\u00e9 freisin nach mbeadh baill ICAS in \u00c9irinn \u00e1 rial\u00fa ag IAASA a thuilleadh. M\u00e1s mian leat aighneacht a dh\u00e9anamh ina leith seo, seol d\u2019aighneacht le do thoil ar r\u00edomhphost chuig <a href=\"https:\/\/www.iaasa.ie\/cdn-cgi\/l\/email-protection\"><span class=\"__cf_email__\" data-cfemail=\"11787f777e5178707062703f7874\">[email protected]<\/span><\/a> roimh 5pm an 30 Samhain 2021. Toisc go bhfuil \u00e1r n-oifig\u00ed f\u00f3s d\u00fanta mar gheall ar COVID-19, iarraimid ort cur isteach tr\u00ed r\u00edomhphost amh\u00e1in toisc nach nd\u00e9antar monat\u00f3ireacht rialta ar \u00e1r bpost. <\/em><\/p>\n<\/div>\n","protected":false},"excerpt":{"rendered":"<p>T\u00e1 iarratas d\u00e9anta ag Institi\u00faid Chuntas\u00f3ir\u00ed Cairte na hAlban (&#8216;ICAS&#8217;) chuig an IAASA chun a haitheantas a ch\u00falghairm i m\u00ed na Nollag 2021. T\u00e1 aighneachta\u00ed \u00e1 lorg ag an IAASA anois \u00f3 ph\u00e1irtithe leasmhara faoin 30 Samhain 2021. D\u00e1 nd\u00e9anfa\u00ed aitheantas ICAS a ch\u00falghairm, chiall\u00f3dh s\u00e9 nach mbeadh ICAS in ann ini\u00fach\u00f3ir\u00ed reacht\u00fala in \u00c9irinn &hellip; <a href=\"https:\/\/iaasa.ie\/ga\/iarratas-ar-aitheantas-institiuid-chuntasoiri-cairte-na-halban-icas-a-chulghairm\/\">Continued<\/a><\/p>\n","protected":false},"author":1,"featured_media":0,"comment_status":"closed","ping_status":"closed","sticky":false,"template":"","format":"standard","meta":{"_acf_changed":false,"_mo_disable_npp":"","inline_featured_image":false,"footnotes":""},"categories":[19],"tags":[],"class_list":["post-5054","post","type-post","status-publish","format-standard","hentry","category-uncategorized-ga"],"acf":[],"yoast_head":"<!-- This site is optimized with the Yoast SEO plugin v27.4 - https:\/\/yoast.com\/product\/yoast-seo-wordpress\/ -->\n<title>Iarratas ar aitheantas Institi\u00faid Chuntas\u00f3ir\u00ed Cairte na hAlban (&#039;ICAS&#039;) a ch\u00falghairm - IAASA<\/title>\n<meta name=\"robots\" content=\"index, follow, max-snippet:-1, max-image-preview:large, max-video-preview:-1\" \/>\n<link rel=\"canonical\" href=\"https:\/\/iaasa.ie\/iarratas-ar-aitheantas-institiuid-chuntasoiri-cairte-na-halban-icas-a-chulghairm\/\" \/>\n<meta property=\"og:locale\" content=\"ga_IE\" \/>\n<meta property=\"og:type\" content=\"article\" \/>\n<meta property=\"og:title\" content=\"Iarratas ar aitheantas Institi\u00faid Chuntas\u00f3ir\u00ed Cairte na hAlban (&#039;ICAS&#039;) a ch\u00falghairm - IAASA\" \/>\n<meta property=\"og:description\" content=\"T\u00e1 iarratas d\u00e9anta ag Institi\u00faid Chuntas\u00f3ir\u00ed Cairte na hAlban (&#8216;ICAS&#8217;) chuig an IAASA chun a haitheantas a ch\u00falghairm i m\u00ed na Nollag 2021. T\u00e1 aighneachta\u00ed \u00e1 lorg ag an IAASA anois \u00f3 ph\u00e1irtithe leasmhara faoin 30 Samhain 2021. D\u00e1 nd\u00e9anfa\u00ed aitheantas ICAS a ch\u00falghairm, chiall\u00f3dh s\u00e9 nach mbeadh ICAS in ann ini\u00fach\u00f3ir\u00ed reacht\u00fala in \u00c9irinn &hellip; Continued\" \/>\n<meta property=\"og:url\" content=\"https:\/\/iaasa.ie\/iarratas-ar-aitheantas-institiuid-chuntasoiri-cairte-na-halban-icas-a-chulghairm\/\" \/>\n<meta property=\"og:site_name\" content=\"IAASA\" \/>\n<meta property=\"article:published_time\" content=\"2021-05-09T00:00:00+00:00\" \/>\n<meta name=\"author\" content=\"iaasa\" \/>\n<meta name=\"twitter:card\" content=\"summary_large_image\" \/>\n<meta name=\"twitter:label1\" content=\"Written by\" \/>\n\t<meta name=\"twitter:data1\" content=\"iaasa\" \/>\n\t<meta name=\"twitter:label2\" content=\"Est. reading time\" \/>\n\t<meta name=\"twitter:data2\" content=\"1 minute\" \/>\n<script type=\"application\/ld+json\" class=\"yoast-schema-graph\">{\"@context\":\"https:\\\/\\\/schema.org\",\"@graph\":[{\"@type\":\"Article\",\"@id\":\"https:\\\/\\\/iaasa.ie\\\/iarratas-ar-aitheantas-institiuid-chuntasoiri-cairte-na-halban-icas-a-chulghairm\\\/#article\",\"isPartOf\":{\"@id\":\"https:\\\/\\\/iaasa.ie\\\/iarratas-ar-aitheantas-institiuid-chuntasoiri-cairte-na-halban-icas-a-chulghairm\\\/\"},\"author\":{\"name\":\"iaasa\",\"@id\":\"https:\\\/\\\/iaasa.ie\\\/#\\\/schema\\\/person\\\/95f64992d3fb7a9ddc96d8193f96c0bd\"},\"headline\":\"Iarratas ar aitheantas Institi\u00faid Chuntas\u00f3ir\u00ed Cairte na hAlban (&#8216;ICAS&#8217;) a ch\u00falghairm\",\"datePublished\":\"2021-05-09T00:00:00+00:00\",\"mainEntityOfPage\":{\"@id\":\"https:\\\/\\\/iaasa.ie\\\/iarratas-ar-aitheantas-institiuid-chuntasoiri-cairte-na-halban-icas-a-chulghairm\\\/\"},\"wordCount\":153,\"articleSection\":[\"Uncategorized @ga\"],\"inLanguage\":\"ga-IE\"},{\"@type\":\"WebPage\",\"@id\":\"https:\\\/\\\/iaasa.ie\\\/iarratas-ar-aitheantas-institiuid-chuntasoiri-cairte-na-halban-icas-a-chulghairm\\\/\",\"url\":\"https:\\\/\\\/iaasa.ie\\\/iarratas-ar-aitheantas-institiuid-chuntasoiri-cairte-na-halban-icas-a-chulghairm\\\/\",\"name\":\"Iarratas ar aitheantas Institi\u00faid Chuntas\u00f3ir\u00ed Cairte na hAlban ('ICAS') a ch\u00falghairm - IAASA\",\"isPartOf\":{\"@id\":\"https:\\\/\\\/iaasa.ie\\\/#website\"},\"datePublished\":\"2021-05-09T00:00:00+00:00\",\"author\":{\"@id\":\"https:\\\/\\\/iaasa.ie\\\/#\\\/schema\\\/person\\\/95f64992d3fb7a9ddc96d8193f96c0bd\"},\"inLanguage\":\"ga-IE\",\"potentialAction\":[{\"@type\":\"ReadAction\",\"target\":[\"https:\\\/\\\/iaasa.ie\\\/iarratas-ar-aitheantas-institiuid-chuntasoiri-cairte-na-halban-icas-a-chulghairm\\\/\"]}]},{\"@type\":\"WebSite\",\"@id\":\"https:\\\/\\\/iaasa.ie\\\/#website\",\"url\":\"https:\\\/\\\/iaasa.ie\\\/\",\"name\":\"IAASA\",\"description\":\"\",\"potentialAction\":[{\"@type\":\"SearchAction\",\"target\":{\"@type\":\"EntryPoint\",\"urlTemplate\":\"https:\\\/\\\/iaasa.ie\\\/?s={search_term_string}\"},\"query-input\":{\"@type\":\"PropertyValueSpecification\",\"valueRequired\":true,\"valueName\":\"search_term_string\"}}],\"inLanguage\":\"ga-IE\"},{\"@type\":\"Person\",\"@id\":\"https:\\\/\\\/iaasa.ie\\\/#\\\/schema\\\/person\\\/95f64992d3fb7a9ddc96d8193f96c0bd\",\"name\":\"iaasa\",\"image\":{\"@type\":\"ImageObject\",\"inLanguage\":\"ga-IE\",\"@id\":\"https:\\\/\\\/secure.gravatar.com\\\/avatar\\\/e9b0041960df3875194ef8a5272660e0a83de18e18c25546b022c2f6070d0982?s=96&d=mm&r=g\",\"url\":\"https:\\\/\\\/secure.gravatar.com\\\/avatar\\\/e9b0041960df3875194ef8a5272660e0a83de18e18c25546b022c2f6070d0982?s=96&d=mm&r=g\",\"contentUrl\":\"https:\\\/\\\/secure.gravatar.com\\\/avatar\\\/e9b0041960df3875194ef8a5272660e0a83de18e18c25546b022c2f6070d0982?s=96&d=mm&r=g\",\"caption\":\"iaasa\"},\"sameAs\":[\"https:\\\/\\\/iaasa.ie\"],\"url\":\"https:\\\/\\\/iaasa.ie\\\/ga\\\/author\\\/iaasa\\\/\"}]}<\/script>\n<!-- \/ Yoast SEO plugin. -->","yoast_head_json":{"title":"Iarratas ar aitheantas Institi\u00faid Chuntas\u00f3ir\u00ed Cairte na hAlban ('ICAS') a ch\u00falghairm - IAASA","robots":{"index":"index","follow":"follow","max-snippet":"max-snippet:-1","max-image-preview":"max-image-preview:large","max-video-preview":"max-video-preview:-1"},"canonical":"https:\/\/iaasa.ie\/iarratas-ar-aitheantas-institiuid-chuntasoiri-cairte-na-halban-icas-a-chulghairm\/","og_locale":"ga_IE","og_type":"article","og_title":"Iarratas ar aitheantas Institi\u00faid Chuntas\u00f3ir\u00ed Cairte na hAlban ('ICAS') a ch\u00falghairm - IAASA","og_description":"T\u00e1 iarratas d\u00e9anta ag Institi\u00faid Chuntas\u00f3ir\u00ed Cairte na hAlban (&#8216;ICAS&#8217;) chuig an IAASA chun a haitheantas a ch\u00falghairm i m\u00ed na Nollag 2021. T\u00e1 aighneachta\u00ed \u00e1 lorg ag an IAASA anois \u00f3 ph\u00e1irtithe leasmhara faoin 30 Samhain 2021. D\u00e1 nd\u00e9anfa\u00ed aitheantas ICAS a ch\u00falghairm, chiall\u00f3dh s\u00e9 nach mbeadh ICAS in ann ini\u00fach\u00f3ir\u00ed reacht\u00fala in \u00c9irinn &hellip; Continued","og_url":"https:\/\/iaasa.ie\/iarratas-ar-aitheantas-institiuid-chuntasoiri-cairte-na-halban-icas-a-chulghairm\/","og_site_name":"IAASA","article_published_time":"2021-05-09T00:00:00+00:00","author":"iaasa","twitter_card":"summary_large_image","twitter_misc":{"Written by":"iaasa","Est. reading time":"1 minute"},"schema":{"@context":"https:\/\/schema.org","@graph":[{"@type":"Article","@id":"https:\/\/iaasa.ie\/iarratas-ar-aitheantas-institiuid-chuntasoiri-cairte-na-halban-icas-a-chulghairm\/#article","isPartOf":{"@id":"https:\/\/iaasa.ie\/iarratas-ar-aitheantas-institiuid-chuntasoiri-cairte-na-halban-icas-a-chulghairm\/"},"author":{"name":"iaasa","@id":"https:\/\/iaasa.ie\/#\/schema\/person\/95f64992d3fb7a9ddc96d8193f96c0bd"},"headline":"Iarratas ar aitheantas Institi\u00faid Chuntas\u00f3ir\u00ed Cairte na hAlban (&#8216;ICAS&#8217;) a ch\u00falghairm","datePublished":"2021-05-09T00:00:00+00:00","mainEntityOfPage":{"@id":"https:\/\/iaasa.ie\/iarratas-ar-aitheantas-institiuid-chuntasoiri-cairte-na-halban-icas-a-chulghairm\/"},"wordCount":153,"articleSection":["Uncategorized @ga"],"inLanguage":"ga-IE"},{"@type":"WebPage","@id":"https:\/\/iaasa.ie\/iarratas-ar-aitheantas-institiuid-chuntasoiri-cairte-na-halban-icas-a-chulghairm\/","url":"https:\/\/iaasa.ie\/iarratas-ar-aitheantas-institiuid-chuntasoiri-cairte-na-halban-icas-a-chulghairm\/","name":"Iarratas ar aitheantas Institi\u00faid Chuntas\u00f3ir\u00ed Cairte na hAlban ('ICAS') a ch\u00falghairm - IAASA","isPartOf":{"@id":"https:\/\/iaasa.ie\/#website"},"datePublished":"2021-05-09T00:00:00+00:00","author":{"@id":"https:\/\/iaasa.ie\/#\/schema\/person\/95f64992d3fb7a9ddc96d8193f96c0bd"},"inLanguage":"ga-IE","potentialAction":[{"@type":"ReadAction","target":["https:\/\/iaasa.ie\/iarratas-ar-aitheantas-institiuid-chuntasoiri-cairte-na-halban-icas-a-chulghairm\/"]}]},{"@type":"WebSite","@id":"https:\/\/iaasa.ie\/#website","url":"https:\/\/iaasa.ie\/","name":"IAASA","description":"","potentialAction":[{"@type":"SearchAction","target":{"@type":"EntryPoint","urlTemplate":"https:\/\/iaasa.ie\/?s={search_term_string}"},"query-input":{"@type":"PropertyValueSpecification","valueRequired":true,"valueName":"search_term_string"}}],"inLanguage":"ga-IE"},{"@type":"Person","@id":"https:\/\/iaasa.ie\/#\/schema\/person\/95f64992d3fb7a9ddc96d8193f96c0bd","name":"iaasa","image":{"@type":"ImageObject","inLanguage":"ga-IE","@id":"https:\/\/secure.gravatar.com\/avatar\/e9b0041960df3875194ef8a5272660e0a83de18e18c25546b022c2f6070d0982?s=96&d=mm&r=g","url":"https:\/\/secure.gravatar.com\/avatar\/e9b0041960df3875194ef8a5272660e0a83de18e18c25546b022c2f6070d0982?s=96&d=mm&r=g","contentUrl":"https:\/\/secure.gravatar.com\/avatar\/e9b0041960df3875194ef8a5272660e0a83de18e18c25546b022c2f6070d0982?s=96&d=mm&r=g","caption":"iaasa"},"sameAs":["https:\/\/iaasa.ie"],"url":"https:\/\/iaasa.ie\/ga\/author\/iaasa\/"}]}},"views":661,"_links":{"self":[{"href":"https:\/\/iaasa.ie\/ga\/wp-json\/wp\/v2\/posts\/5054","targetHints":{"allow":["GET"]}}],"collection":[{"href":"https:\/\/iaasa.ie\/ga\/wp-json\/wp\/v2\/posts"}],"about":[{"href":"https:\/\/iaasa.ie\/ga\/wp-json\/wp\/v2\/types\/post"}],"author":[{"embeddable":true,"href":"https:\/\/iaasa.ie\/ga\/wp-json\/wp\/v2\/users\/1"}],"replies":[{"embeddable":true,"href":"https:\/\/iaasa.ie\/ga\/wp-json\/wp\/v2\/comments?post=5054"}],"version-history":[{"count":0,"href":"https:\/\/iaasa.ie\/ga\/wp-json\/wp\/v2\/posts\/5054\/revisions"}],"wp:attachment":[{"href":"https:\/\/iaasa.ie\/ga\/wp-json\/wp\/v2\/media?parent=5054"}],"wp:term":[{"taxonomy":"category","embeddable":true,"href":"https:\/\/iaasa.ie\/ga\/wp-json\/wp\/v2\/categories?post=5054"},{"taxonomy":"post_tag","embeddable":true,"href":"https:\/\/iaasa.ie\/ga\/wp-json\/wp\/v2\/tags?post=5054"}],"curies":[{"name":"wp","href":"https:\/\/api.w.org\/{rel}","templated":true}]}}